{"id":7566,"date":"2025-03-21T19:20:00","date_gmt":"2025-03-21T17:20:00","guid":{"rendered":"https:\/\/www.taaksi.vil.ee\/?p=7566"},"modified":"2025-03-22T13:26:26","modified_gmt":"2025-03-22T11:26:26","slug":"rahvusvaheline-luulepaev","status":"publish","type":"post","link":"https:\/\/www.taaksi.vil.ee\/?p=7566","title":{"rendered":"Rahvusvaheline luulep\u00e4ev"},"content":{"rendered":"\n<p>Lugesime ja joonistasime, kuulasime ja m\u00f5tisklesime, m\u00f5ned meist k\u00e4isid luulep\u00e4eva \u00f5htul kohtumas luuletaja, proosakirjaniku ja laulja Kristiina Ehiniga.<\/p>\n\n\n\n<figure class=\"wp-block-image size-large\"><a href=\"https:\/\/www.taaksi.vil.ee\/wp-content\/uploads\/2025\/03\/20250321_111124-scaled.jpg\"><img loading=\"lazy\" decoding=\"async\" width=\"1024\" height=\"768\" src=\"https:\/\/www.taaksi.vil.ee\/wp-content\/uploads\/2025\/03\/20250321_111124-1024x768.jpg\" alt=\"\" class=\"wp-image-7567\" srcset=\"https:\/\/www.taaksi.vil.ee\/wp-content\/uploads\/2025\/03\/20250321_111124-1024x768.jpg 1024w, https:\/\/www.taaksi.vil.ee\/wp-content\/uploads\/2025\/03\/20250321_111124-300x225.jpg 300w, https:\/\/www.taaksi.vil.ee\/wp-content\/uploads\/2025\/03\/20250321_111124-768x576.jpg 768w, https:\/\/www.taaksi.vil.ee\/wp-content\/uploads\/2025\/03\/20250321_111124-1536x1152.jpg 1536w, https:\/\/www.taaksi.vil.ee\/wp-content\/uploads\/2025\/03\/20250321_111124-2048x1536.jpg 2048w, https:\/\/www.taaksi.vil.ee\/wp-content\/uploads\/2025\/03\/20250321_111124-624x468.jpg 624w\" sizes=\"(max-width: 1024px) 100vw, 1024px\" \/><\/a><\/figure>\n\n\n\n<figure class=\"wp-block-image size-large\"><a href=\"https:\/\/www.taaksi.vil.ee\/wp-content\/uploads\/2025\/03\/20250321_145520-scaled.jpg\"><img loading=\"lazy\" decoding=\"async\" width=\"1024\" height=\"768\" src=\"https:\/\/www.taaksi.vil.ee\/wp-content\/uploads\/2025\/03\/20250321_145520-1024x768.jpg\" alt=\"\" class=\"wp-image-7568\" srcset=\"https:\/\/www.taaksi.vil.ee\/wp-content\/uploads\/2025\/03\/20250321_145520-1024x768.jpg 1024w, https:\/\/www.taaksi.vil.ee\/wp-content\/uploads\/2025\/03\/20250321_145520-300x225.jpg 300w, https:\/\/www.taaksi.vil.ee\/wp-content\/uploads\/2025\/03\/20250321_145520-768x576.jpg 768w, https:\/\/www.taaksi.vil.ee\/wp-content\/uploads\/2025\/03\/20250321_145520-1536x1152.jpg 1536w, https:\/\/www.taaksi.vil.ee\/wp-content\/uploads\/2025\/03\/20250321_145520-2048x1536.jpg 2048w, https:\/\/www.taaksi.vil.ee\/wp-content\/uploads\/2025\/03\/20250321_145520-624x468.jpg 624w\" sizes=\"(max-width: 1024px) 100vw, 1024px\" \/><\/a><\/figure>\n\n\n\n<figure class=\"wp-block-image size-large\"><a href=\"https:\/\/www.taaksi.vil.ee\/wp-content\/uploads\/2025\/03\/20250321_191649-scaled.jpg\"><img loading=\"lazy\" decoding=\"async\" width=\"768\" height=\"1024\" src=\"https:\/\/www.taaksi.vil.ee\/wp-content\/uploads\/2025\/03\/20250321_191649-768x1024.jpg\" alt=\"\" class=\"wp-image-7569\" srcset=\"https:\/\/www.taaksi.vil.ee\/wp-content\/uploads\/2025\/03\/20250321_191649-768x1024.jpg 768w, https:\/\/www.taaksi.vil.ee\/wp-content\/uploads\/2025\/03\/20250321_191649-225x300.jpg 225w, https:\/\/www.taaksi.vil.ee\/wp-content\/uploads\/2025\/03\/20250321_191649-1152x1536.jpg 1152w, https:\/\/www.taaksi.vil.ee\/wp-content\/uploads\/2025\/03\/20250321_191649-1536x2048.jpg 1536w, https:\/\/www.taaksi.vil.ee\/wp-content\/uploads\/2025\/03\/20250321_191649-624x832.jpg 624w, https:\/\/www.taaksi.vil.ee\/wp-content\/uploads\/2025\/03\/20250321_191649-scaled.jpg 1920w\" sizes=\"(max-width: 768px) 100vw, 768px\" \/><\/a><\/figure>\n","protected":false},"excerpt":{"rendered":"<p>Lugesime ja joonistasime, kuulasime ja m\u00f5tisklesime, m\u00f5ned meist k\u00e4isid luulep\u00e4eva \u00f5htul kohtumas luuletaja, proosakirjaniku ja laulja Kristiina Ehiniga.<\/p>\n","protected":false},"author":7,"featured_media":0,"comment_status":"closed","ping_status":"closed","sticky":false,"template":"","format":"standard","meta":{"footnotes":""},"categories":[1],"tags":[],"class_list":["post-7566","post","type-post","status-publish","format-standard","hentry","category-uudised"],"_links":{"self":[{"href":"https:\/\/www.taaksi.vil.ee\/index.php?rest_route=\/wp\/v2\/posts\/7566"}],"collection":[{"href":"https:\/\/www.taaksi.vil.ee\/index.php?rest_route=\/wp\/v2\/posts"}],"about":[{"href":"https:\/\/www.taaksi.vil.ee\/index.php?rest_route=\/wp\/v2\/types\/post"}],"author":[{"embeddable":true,"href":"https:\/\/www.taaksi.vil.ee\/index.php?rest_route=\/wp\/v2\/users\/7"}],"replies":[{"embeddable":true,"href":"https:\/\/www.taaksi.vil.ee\/index.php?rest_route=%2Fwp%2Fv2%2Fcomments&post=7566"}],"version-history":[{"count":1,"href":"https:\/\/www.taaksi.vil.ee\/index.php?rest_route=\/wp\/v2\/posts\/7566\/revisions"}],"predecessor-version":[{"id":7570,"href":"https:\/\/www.taaksi.vil.ee\/index.php?rest_route=\/wp\/v2\/posts\/7566\/revisions\/7570"}],"wp:attachment":[{"href":"https:\/\/www.taaksi.vil.ee\/index.php?rest_route=%2Fwp%2Fv2%2Fmedia&parent=7566"}],"wp:term":[{"taxonomy":"category","embeddable":true,"href":"https:\/\/www.taaksi.vil.ee\/index.php?rest_route=%2Fwp%2Fv2%2Fcategories&post=7566"},{"taxonomy":"post_tag","embeddable":true,"href":"https:\/\/www.taaksi.vil.ee\/index.php?rest_route=%2Fwp%2Fv2%2Ftags&post=7566"}],"curies":[{"name":"wp","href":"https:\/\/api.w.org\/{rel}","templated":true}]}}