{"id":1558,"date":"2014-10-17T15:38:19","date_gmt":"2014-10-17T13:38:19","guid":{"rendered":"http:\/\/www.taaksi.vil.ee\/?p=1558"},"modified":"2014-10-17T15:45:19","modified_gmt":"2014-10-17T13:45:19","slug":"kooli-sunnipaev","status":"publish","type":"post","link":"https:\/\/www.taaksi.vil.ee\/?p=1558","title":{"rendered":"Kooli s\u00fcnnip\u00e4ev"},"content":{"rendered":"<p>Veerandi viimasel p\u00e4eval t\u00e4histasime kooli 139. s\u00fcnnip\u00e4eva. Seekord olime ekskursioonil oma koolis, tunde andsid vilistlased Kerli Ong ja T\u00f5nu Randaru ning\u00a0traditsioonilisi kingitusi oli k\u00f5igil r\u00f5\u00f5m vastu v\u00f5tta kontsert-aktusel.<\/p>\n<p><a href=\"http:\/\/www.taaksi.vil.ee\/wp-content\/uploads\/2014\/10\/DSC02876.jpg\"><img loading=\"lazy\" decoding=\"async\" class=\"alignnone size-medium wp-image-1562\" src=\"http:\/\/www.taaksi.vil.ee\/wp-content\/uploads\/2014\/10\/DSC02877-300x225.jpg\" alt=\"DSC02877\" width=\"300\" height=\"225\" srcset=\"https:\/\/www.taaksi.vil.ee\/wp-content\/uploads\/2014\/10\/DSC02877-300x225.jpg 300w, https:\/\/www.taaksi.vil.ee\/wp-content\/uploads\/2014\/10\/DSC02877-1024x768.jpg 1024w, https:\/\/www.taaksi.vil.ee\/wp-content\/uploads\/2014\/10\/DSC02877-399x300.jpg 399w\" sizes=\"(max-width: 300px) 100vw, 300px\" \/><img loading=\"lazy\" decoding=\"async\" class=\"alignnone size-medium wp-image-1559\" src=\"http:\/\/www.taaksi.vil.ee\/wp-content\/uploads\/2014\/10\/DSC02876-300x225.jpg\" alt=\"DSC02876\" width=\"300\" height=\"225\" srcset=\"https:\/\/www.taaksi.vil.ee\/wp-content\/uploads\/2014\/10\/DSC02876-300x225.jpg 300w, https:\/\/www.taaksi.vil.ee\/wp-content\/uploads\/2014\/10\/DSC02876-1024x768.jpg 1024w, https:\/\/www.taaksi.vil.ee\/wp-content\/uploads\/2014\/10\/DSC02876-399x300.jpg 399w\" sizes=\"(max-width: 300px) 100vw, 300px\" \/><\/a><\/p>\n","protected":false},"excerpt":{"rendered":"<p>Veerandi viimasel p\u00e4eval t\u00e4histasime kooli 139. s\u00fcnnip\u00e4eva. Seekord olime ekskursioonil oma koolis, tunde andsid vilistlased Kerli Ong ja T\u00f5nu Randaru ning\u00a0traditsioonilisi kingitusi oli k\u00f5igil r\u00f5\u00f5m vastu v\u00f5tta kontsert-aktusel.<\/p>\n","protected":false},"author":4,"featured_media":0,"comment_status":"closed","ping_status":"closed","sticky":false,"template":"","format":"standard","meta":{"footnotes":""},"categories":[1],"tags":[],"class_list":["post-1558","post","type-post","status-publish","format-standard","hentry","category-uudised"],"_links":{"self":[{"href":"https:\/\/www.taaksi.vil.ee\/index.php?rest_route=\/wp\/v2\/posts\/1558"}],"collection":[{"href":"https:\/\/www.taaksi.vil.ee\/index.php?rest_route=\/wp\/v2\/posts"}],"about":[{"href":"https:\/\/www.taaksi.vil.ee\/index.php?rest_route=\/wp\/v2\/types\/post"}],"author":[{"embeddable":true,"href":"https:\/\/www.taaksi.vil.ee\/index.php?rest_route=\/wp\/v2\/users\/4"}],"replies":[{"embeddable":true,"href":"https:\/\/www.taaksi.vil.ee\/index.php?rest_route=%2Fwp%2Fv2%2Fcomments&post=1558"}],"version-history":[{"count":3,"href":"https:\/\/www.taaksi.vil.ee\/index.php?rest_route=\/wp\/v2\/posts\/1558\/revisions"}],"predecessor-version":[{"id":1563,"href":"https:\/\/www.taaksi.vil.ee\/index.php?rest_route=\/wp\/v2\/posts\/1558\/revisions\/1563"}],"wp:attachment":[{"href":"https:\/\/www.taaksi.vil.ee\/index.php?rest_route=%2Fwp%2Fv2%2Fmedia&parent=1558"}],"wp:term":[{"taxonomy":"category","embeddable":true,"href":"https:\/\/www.taaksi.vil.ee\/index.php?rest_route=%2Fwp%2Fv2%2Fcategories&post=1558"},{"taxonomy":"post_tag","embeddable":true,"href":"https:\/\/www.taaksi.vil.ee\/index.php?rest_route=%2Fwp%2Fv2%2Ftags&post=1558"}],"curies":[{"name":"wp","href":"https:\/\/api.w.org\/{rel}","templated":true}]}}