{"id":1230,"date":"2014-06-02T09:54:16","date_gmt":"2014-06-02T07:54:16","guid":{"rendered":"http:\/\/www.taaksi.vil.ee\/?p=1230"},"modified":"2014-06-02T09:54:16","modified_gmt":"2014-06-02T07:54:16","slug":"valla-parimatega-tartus","status":"publish","type":"post","link":"https:\/\/www.taaksi.vil.ee\/?p=1230","title":{"rendered":"Valla parimatega Tartus"},"content":{"rendered":"<p>Kolmap\u00e4eval, 14. mail osales 6 kooli tublimat 7. &#8211; 9. klassi \u00f5pilast ( Suvi &#8211; Mari Parts, Johanna J\u00fcrmann, Ketlin K\u00e4o, Mehis Suigusaar, Danel Leppenen ja Rivo Valge ) koos valla parimate \u00f5pilastega \u00a0\u00f5ppeekskursioonil Tartus.<\/p>\n<p><img loading=\"lazy\" decoding=\"async\" class=\"alignnone\" src=\"https:\/\/lh5.googleusercontent.com\/-XfQCRvNxWb4\/U4A4yq2817I\/AAAAAAAACGY\/zvttAqHpFeQ\/w769-h577-no\/DSC00551.JPG\" alt=\"\" width=\"769\" height=\"577\" \/><\/p>\n<p>Veel pilte \u00a0https:\/\/plus.google.com\/photos\/100378353486056778083\/albums\/6016871543522791217\/6016871545316366258?pid=6016871545316366258&amp;oid=100378353486056778083<\/p>\n","protected":false},"excerpt":{"rendered":"<p>Kolmap\u00e4eval, 14. mail osales 6 kooli tublimat 7. &#8211; 9. klassi \u00f5pilast ( Suvi &#8211; Mari Parts, Johanna J\u00fcrmann, Ketlin K\u00e4o, Mehis Suigusaar, Danel Leppenen ja Rivo Valge ) koos valla parimate \u00f5pilastega \u00a0\u00f5ppeekskursioonil Tartus. Veel pilte \u00a0https:\/\/plus.google.com\/photos\/100378353486056778083\/albums\/6016871543522791217\/6016871545316366258?pid=6016871545316366258&amp;oid=100378353486056778083<\/p>\n","protected":false},"author":6,"featured_media":0,"comment_status":"closed","ping_status":"closed","sticky":false,"template":"","format":"standard","meta":{"footnotes":""},"categories":[1],"tags":[],"class_list":["post-1230","post","type-post","status-publish","format-standard","hentry","category-uudised"],"_links":{"self":[{"href":"https:\/\/www.taaksi.vil.ee\/index.php?rest_route=\/wp\/v2\/posts\/1230"}],"collection":[{"href":"https:\/\/www.taaksi.vil.ee\/index.php?rest_route=\/wp\/v2\/posts"}],"about":[{"href":"https:\/\/www.taaksi.vil.ee\/index.php?rest_route=\/wp\/v2\/types\/post"}],"author":[{"embeddable":true,"href":"https:\/\/www.taaksi.vil.ee\/index.php?rest_route=\/wp\/v2\/users\/6"}],"replies":[{"embeddable":true,"href":"https:\/\/www.taaksi.vil.ee\/index.php?rest_route=%2Fwp%2Fv2%2Fcomments&post=1230"}],"version-history":[{"count":3,"href":"https:\/\/www.taaksi.vil.ee\/index.php?rest_route=\/wp\/v2\/posts\/1230\/revisions"}],"predecessor-version":[{"id":1235,"href":"https:\/\/www.taaksi.vil.ee\/index.php?rest_route=\/wp\/v2\/posts\/1230\/revisions\/1235"}],"wp:attachment":[{"href":"https:\/\/www.taaksi.vil.ee\/index.php?rest_route=%2Fwp%2Fv2%2Fmedia&parent=1230"}],"wp:term":[{"taxonomy":"category","embeddable":true,"href":"https:\/\/www.taaksi.vil.ee\/index.php?rest_route=%2Fwp%2Fv2%2Fcategories&post=1230"},{"taxonomy":"post_tag","embeddable":true,"href":"https:\/\/www.taaksi.vil.ee\/index.php?rest_route=%2Fwp%2Fv2%2Ftags&post=1230"}],"curies":[{"name":"wp","href":"https:\/\/api.w.org\/{rel}","templated":true}]}}